{"id":18929,"date":"2024-03-12T11:36:34","date_gmt":"2024-03-12T15:36:34","guid":{"rendered":"https:\/\/educacion.uprrp.edu\/edu-digital\/?p=18929"},"modified":"2024-03-12T11:41:00","modified_gmt":"2024-03-12T15:41:00","slug":"taller-de-prevencion-del-bullying-escolar-en-el-congreso-2024-de-escuelas-privadas","status":"publish","type":"post","link":"https:\/\/educacion.uprrp.edu\/edu-digital\/2024\/03\/12\/taller-de-prevencion-del-bullying-escolar-en-el-congreso-2024-de-escuelas-privadas\/","title":{"rendered":"Taller de Prevenci\u00f3n del Bullying Escolar en el Congreso 2024 de Escuelas Privadas"},"content":{"rendered":"\t\t<div data-elementor-type=\"wp-post\" data-elementor-id=\"18929\" class=\"elementor elementor-18929\">\n\t\t\t\t\t\t<section class=\"elementor-section elementor-top-section elementor-element elementor-element-4fdb337d elementor-section-boxed elementor-section-height-default elementor-section-height-default\" data-id=\"4fdb337d\" data-element_type=\"section\" data-e-type=\"section\">\n\t\t\t\t\t\t<div class=\"elementor-container elementor-column-gap-default\">\n\t\t\t\t\t<div class=\"elementor-column elementor-col-100 elementor-top-column elementor-element elementor-element-658fce40\" data-id=\"658fce40\" data-element_type=\"column\" data-e-type=\"column\">\n\t\t\t<div class=\"elementor-widget-wrap elementor-element-populated\">\n\t\t\t\t\t\t<div class=\"elementor-element elementor-element-2243d830 elementor-widget elementor-widget-text-editor\" data-id=\"2243d830\" data-element_type=\"widget\" data-e-type=\"widget\" data-widget_type=\"text-editor.default\">\n\t\t\t\t<div class=\"elementor-widget-container\">\n\t\t\t\t\t\t\t\t\t<p>San Juan, Puerto Rico &#8211; El pasado 9 de febrero de 2024, se llev\u00f3 a cabo la conferencia &#8220;Prevenci\u00f3n del Bullying Escolar&#8221; por la <em>Dra. Alicia S. Monta\u00f1ez Garc\u00eda<\/em> durante el <strong>Congreso 2024 de la Asociaci\u00f3n de Escuelas Privadas<\/strong> en el Centro de Convenciones de Puerto Rico.\u00a0 \u00a0 \u00a0 \u00a0 \u00a0 \u00a0 \u00a0 \u00a0 \u00a0 \u00a0 \u00a0 \u00a0 \u00a0 \u00a0 \u00a0 \u00a0 \u00a0 \u00a0 \u00a0 \u00a0 \u00a0 \u00a0 \u00a0 \u00a0Este taller tuvo como objetivo primordial fomentar la conciencia y sensibilidad sobre el problema del bullying escolar entre los participantes, con un enfoque pr\u00e1ctico y participativo. Durante la sesi\u00f3n, se ofrecieron estrategias pr\u00e1cticas para prevenir y abordar situaciones de bullying escolar, promoviendo as\u00ed un ambiente escolar seguro y respetuoso.<\/p>\t\t\t\t\t\t\t\t<\/div>\n\t\t\t\t<\/div>\n\t\t\t\t\t<\/div>\n\t\t<\/div>\n\t\t\t\t\t<\/div>\n\t\t<\/section>\n\t\t\t\t<\/div>\n\t\t","protected":false},"excerpt":{"rendered":"<p>San Juan, Puerto Rico &#8211; El pasado 9 de febrero de 2024, se llev\u00f3 a cabo la conferencia &#8220;Prevenci\u00f3n del Bullying Escolar&#8221; por la Dra. Alicia S. Monta\u00f1ez Garc\u00eda durante el Congreso 2024 de la Asociaci\u00f3n de Escuelas Privadas en el Centro de Convenciones de Puerto Rico.\u00a0 \u00a0 \u00a0 \u00a0 &hellip; <\/p>\n","protected":false},"author":2,"featured_media":18930,"comment_status":"closed","ping_status":"closed","sticky":false,"template":"","format":"gallery","meta":{"footnotes":""},"categories":[2],"tags":[],"class_list":["post-18929","post","type-post","status-publish","format-gallery","has-post-thumbnail","hentry","category-actividades-educativas","post_format-post-format-gallery"],"_links":{"self":[{"href":"https:\/\/educacion.uprrp.edu\/edu-digital\/wp-json\/wp\/v2\/posts\/18929","targetHints":{"allow":["GET"]}}],"collection":[{"href":"https:\/\/educacion.uprrp.edu\/edu-digital\/wp-json\/wp\/v2\/posts"}],"about":[{"href":"https:\/\/educacion.uprrp.edu\/edu-digital\/wp-json\/wp\/v2\/types\/post"}],"author":[{"embeddable":true,"href":"https:\/\/educacion.uprrp.edu\/edu-digital\/wp-json\/wp\/v2\/users\/2"}],"replies":[{"embeddable":true,"href":"https:\/\/educacion.uprrp.edu\/edu-digital\/wp-json\/wp\/v2\/comments?post=18929"}],"version-history":[{"count":7,"href":"https:\/\/educacion.uprrp.edu\/edu-digital\/wp-json\/wp\/v2\/posts\/18929\/revisions"}],"predecessor-version":[{"id":18942,"href":"https:\/\/educacion.uprrp.edu\/edu-digital\/wp-json\/wp\/v2\/posts\/18929\/revisions\/18942"}],"wp:featuredmedia":[{"embeddable":true,"href":"https:\/\/educacion.uprrp.edu\/edu-digital\/wp-json\/wp\/v2\/media\/18930"}],"wp:attachment":[{"href":"https:\/\/educacion.uprrp.edu\/edu-digital\/wp-json\/wp\/v2\/media?parent=18929"}],"wp:term":[{"taxonomy":"category","embeddable":true,"href":"https:\/\/educacion.uprrp.edu\/edu-digital\/wp-json\/wp\/v2\/categories?post=18929"},{"taxonomy":"post_tag","embeddable":true,"href":"https:\/\/educacion.uprrp.edu\/edu-digital\/wp-json\/wp\/v2\/tags?post=18929"}],"curies":[{"name":"wp","href":"https:\/\/api.w.org\/{rel}","templated":true}]}}