{"id":17985,"date":"2023-10-04T13:45:52","date_gmt":"2023-10-04T17:45:52","guid":{"rendered":"https:\/\/educacion.uprrp.edu\/edu-digital\/?p=17985"},"modified":"2023-10-04T15:32:24","modified_gmt":"2023-10-04T19:32:24","slug":"conversatorio-retos-y-beneficios-de-la-iniciativa-de-descentralizacion-y-autonomia-regional-idear","status":"publish","type":"post","link":"https:\/\/educacion.uprrp.edu\/edu-digital\/2023\/10\/04\/conversatorio-retos-y-beneficios-de-la-iniciativa-de-descentralizacion-y-autonomia-regional-idear\/","title":{"rendered":"Conversatorio: Retos y beneficios de la Iniciativa de Descentralizaci\u00f3n y Autonom\u00eda Regional (IDEAR)"},"content":{"rendered":"\t\t<div data-elementor-type=\"wp-post\" data-elementor-id=\"17985\" class=\"elementor elementor-17985\">\n\t\t\t\t\t\t<section class=\"elementor-section elementor-top-section elementor-element elementor-element-11129455 elementor-section-boxed elementor-section-height-default elementor-section-height-default\" data-id=\"11129455\" data-element_type=\"section\" data-e-type=\"section\">\n\t\t\t\t\t\t<div class=\"elementor-container elementor-column-gap-default\">\n\t\t\t\t\t<div class=\"elementor-column elementor-col-100 elementor-top-column elementor-element elementor-element-700a84d4\" data-id=\"700a84d4\" data-element_type=\"column\" data-e-type=\"column\">\n\t\t\t<div class=\"elementor-widget-wrap elementor-element-populated\">\n\t\t\t\t\t\t<div class=\"elementor-element elementor-element-7a4a5e89 elementor-widget elementor-widget-text-editor\" data-id=\"7a4a5e89\" data-element_type=\"widget\" data-e-type=\"widget\" data-widget_type=\"text-editor.default\">\n\t\t\t\t<div class=\"elementor-widget-container\">\n\t\t\t\t\t\t\t\t\t<h4>El mi\u00e9rcoles 13 de septiembre de 2023, se celebr\u00f3 el Conversatorio: Retos y beneficios de la Iniciativa de Descentralizaci\u00f3n y Autonom\u00eda Regional (IDEAR), en el Anfiteatro N\u00famero 3 de la Facultad de Educaci\u00f3n.<\/h4><h4>\u00a0<\/h4>\t\t\t\t\t\t\t\t<\/div>\n\t\t\t\t<\/div>\n\t\t\t\t\t<\/div>\n\t\t<\/div>\n\t\t\t\t\t<\/div>\n\t\t<\/section>\n\t\t\t\t<\/div>\n\t\t","protected":false},"excerpt":{"rendered":"<p>El mi\u00e9rcoles 13 de septiembre de 2023, se celebr\u00f3 el Conversatorio: Retos y beneficios de la Iniciativa de Descentralizaci\u00f3n y Autonom\u00eda Regional (IDEAR), en el Anfiteatro N\u00famero 3 de la Facultad de Educaci\u00f3n.<\/p>\n","protected":false},"author":2,"featured_media":18024,"comment_status":"closed","ping_status":"closed","sticky":false,"template":"","format":"standard","meta":{"footnotes":""},"categories":[2],"tags":[],"class_list":["post-17985","post","type-post","status-publish","format-standard","has-post-thumbnail","hentry","category-actividades-educativas"],"_links":{"self":[{"href":"https:\/\/educacion.uprrp.edu\/edu-digital\/wp-json\/wp\/v2\/posts\/17985","targetHints":{"allow":["GET"]}}],"collection":[{"href":"https:\/\/educacion.uprrp.edu\/edu-digital\/wp-json\/wp\/v2\/posts"}],"about":[{"href":"https:\/\/educacion.uprrp.edu\/edu-digital\/wp-json\/wp\/v2\/types\/post"}],"author":[{"embeddable":true,"href":"https:\/\/educacion.uprrp.edu\/edu-digital\/wp-json\/wp\/v2\/users\/2"}],"replies":[{"embeddable":true,"href":"https:\/\/educacion.uprrp.edu\/edu-digital\/wp-json\/wp\/v2\/comments?post=17985"}],"version-history":[{"count":25,"href":"https:\/\/educacion.uprrp.edu\/edu-digital\/wp-json\/wp\/v2\/posts\/17985\/revisions"}],"predecessor-version":[{"id":18026,"href":"https:\/\/educacion.uprrp.edu\/edu-digital\/wp-json\/wp\/v2\/posts\/17985\/revisions\/18026"}],"wp:featuredmedia":[{"embeddable":true,"href":"https:\/\/educacion.uprrp.edu\/edu-digital\/wp-json\/wp\/v2\/media\/18024"}],"wp:attachment":[{"href":"https:\/\/educacion.uprrp.edu\/edu-digital\/wp-json\/wp\/v2\/media?parent=17985"}],"wp:term":[{"taxonomy":"category","embeddable":true,"href":"https:\/\/educacion.uprrp.edu\/edu-digital\/wp-json\/wp\/v2\/categories?post=17985"},{"taxonomy":"post_tag","embeddable":true,"href":"https:\/\/educacion.uprrp.edu\/edu-digital\/wp-json\/wp\/v2\/tags?post=17985"}],"curies":[{"name":"wp","href":"https:\/\/api.w.org\/{rel}","templated":true}]}}