{"id":17671,"date":"2023-04-21T09:40:02","date_gmt":"2023-04-21T13:40:02","guid":{"rendered":"https:\/\/educacion.uprrp.edu\/edu-digital\/?p=17671"},"modified":"2023-04-21T09:53:08","modified_gmt":"2023-04-21T13:53:08","slug":"feria-de-estudios-graduados","status":"publish","type":"post","link":"https:\/\/educacion.uprrp.edu\/edu-digital\/2023\/04\/21\/feria-de-estudios-graduados\/","title":{"rendered":"Feria de Estudios Graduados"},"content":{"rendered":"\t\t<div data-elementor-type=\"wp-post\" data-elementor-id=\"17671\" class=\"elementor elementor-17671\">\n\t\t\t\t\t\t<section class=\"elementor-section elementor-top-section elementor-element elementor-element-839ad44 elementor-section-boxed elementor-section-height-default elementor-section-height-default\" data-id=\"839ad44\" data-element_type=\"section\" data-e-type=\"section\">\n\t\t\t\t\t\t<div class=\"elementor-container elementor-column-gap-default\">\n\t\t\t\t\t<div class=\"elementor-column elementor-col-100 elementor-top-column elementor-element elementor-element-ca0d74e\" data-id=\"ca0d74e\" data-element_type=\"column\" data-e-type=\"column\">\n\t\t\t<div class=\"elementor-widget-wrap elementor-element-populated\">\n\t\t\t\t\t\t<div class=\"elementor-element elementor-element-eadfc8e elementor-widget thim-ekits-heading elementor-widget-thim-heading\" data-id=\"eadfc8e\" data-element_type=\"widget\" data-e-type=\"widget\" data-widget_type=\"thim-heading.default\">\n\t\t\t\t<div class=\"elementor-widget-container\">\n\t\t\t\t\t<div class=\"sc_heading \"><h6 class=\"title\">por: Lis S. Cruz Pizarro<\/h6><span class=\"line\"><\/span><\/div>\t\t\t\t<\/div>\n\t\t\t\t<\/div>\n\t\t\t\t<section class=\"elementor-section elementor-inner-section elementor-element elementor-element-377436b elementor-section-boxed elementor-section-height-default elementor-section-height-default\" data-id=\"377436b\" data-element_type=\"section\" data-e-type=\"section\">\n\t\t\t\t\t\t<div class=\"elementor-container elementor-column-gap-default\">\n\t\t\t\t\t<div class=\"elementor-column elementor-col-50 elementor-inner-column elementor-element elementor-element-5655c64\" data-id=\"5655c64\" data-element_type=\"column\" data-e-type=\"column\">\n\t\t\t<div class=\"elementor-widget-wrap elementor-element-populated\">\n\t\t\t\t\t\t<div class=\"elementor-element elementor-element-79e3dfb elementor-widget elementor-widget-text-editor\" data-id=\"79e3dfb\" data-element_type=\"widget\" data-e-type=\"widget\" data-widget_type=\"text-editor.default\">\n\t\t\t\t<div class=\"elementor-widget-container\">\n\t\t\t\t\t\t\t\t\t<p>El s\u00e1bado, 25 de febrero de 2023, se llev\u00f3 a cabo la <strong>Feria de Estudios Graduados<\/strong>, en el Centro de Estudiantes de la UPR-R\u00edo Piedras. Esta feria fue coordinada por el Decanato de Estudios Graduados e Investigaci\u00f3n, y nuestro Departamento de Estudios Graduados tuvo su mesa informativa. Agradecemos a todas las personas que pasaron por nuestra mesa y recogieron informaci\u00f3n de los programas graduados del DEG.<\/p><p><strong>En la foto a la derecha:<\/strong> Puesto de informaci\u00f3n del Departamento de Estudios Graduados de la Facultad de Educaci\u00f3n. Presentes, de izquierda a derecha: la decana de la Facultad de Educaci\u00f3n, Dra. Grace M. Carro Nieves; la Dra. Luz Cruz Pizarro, consejera profesional, y el Dr. Ariel Agosto Cepeda, coordinador de Asuntos Estudiantiles, ambos del Departamento de Estudios Graduados de la facultad, y el Dr. H\u00e9ctor Aponte Alequ\u00edn, decano asociado de Asuntos Acad\u00e9micos de la facultad.<\/p>\t\t\t\t\t\t\t\t<\/div>\n\t\t\t\t<\/div>\n\t\t\t\t\t<\/div>\n\t\t<\/div>\n\t\t\t\t<div class=\"elementor-column elementor-col-50 elementor-inner-column elementor-element elementor-element-846b33d\" data-id=\"846b33d\" data-element_type=\"column\" data-e-type=\"column\">\n\t\t\t<div class=\"elementor-widget-wrap elementor-element-populated\">\n\t\t\t\t\t\t<div class=\"elementor-element elementor-element-dd82f20 elementor-widget elementor-widget-image\" data-id=\"dd82f20\" data-element_type=\"widget\" data-e-type=\"widget\" data-widget_type=\"image.default\">\n\t\t\t\t<div class=\"elementor-widget-container\">\n\t\t\t\t\t\t\t\t\t\t\t\t\t\t\t<img fetchpriority=\"high\" decoding=\"async\" width=\"640\" height=\"480\" src=\"https:\/\/educacion.uprrp.edu\/edu-digital\/wp-content\/uploads\/sites\/9\/2023\/04\/Fotos-con-Decanos_anonymous.jpeg\" class=\"attachment-large size-large wp-image-17673\" alt=\"Foto en la que se muestra el puesto de informaci\u00f3n de la facultad. Presentes, de izquierda a derecha: la decana de la Facultad de Educaci\u00f3n, Dra. Grace M. Carro Nieves; la Dra. Luz Cruz Pizarro, consejera, y el Dr. Ariel Agosto Cepeda, coordinador de Asuntos Estudiantiles, ambos del Departamento de Estudios Graduados de la facultad, y el Dr. H\u00e9ctor Aponte Alequ\u00edn, decano asociado de Asuntos Acad\u00e9micos de la facultad.\" srcset=\"https:\/\/educacion.uprrp.edu\/edu-digital\/wp-content\/uploads\/sites\/9\/2023\/04\/Fotos-con-Decanos_anonymous.jpeg 640w, https:\/\/educacion.uprrp.edu\/edu-digital\/wp-content\/uploads\/sites\/9\/2023\/04\/Fotos-con-Decanos_anonymous-300x225.jpeg 300w\" sizes=\"(max-width: 640px) 100vw, 640px\" \/>\t\t\t\t\t\t\t\t\t\t\t\t\t\t\t<\/div>\n\t\t\t\t<\/div>\n\t\t\t\t\t<\/div>\n\t\t<\/div>\n\t\t\t\t\t<\/div>\n\t\t<\/section>\n\t\t\t\t\t<\/div>\n\t\t<\/div>\n\t\t\t\t\t<\/div>\n\t\t<\/section>\n\t\t\t\t<\/div>\n\t\t","protected":false},"excerpt":{"rendered":"<p>por: Lis S. Cruz Pizarro El s\u00e1bado, 25 de febrero de 2023, se llev\u00f3 a cabo la Feria de Estudios Graduados, en el Centro de Estudiantes de la UPR-R\u00edo Piedras. Esta feria fue coordinada por el Decanato de Estudios Graduados e Investigaci\u00f3n, y nuestro Departamento de Estudios Graduados tuvo su &hellip; <\/p>\n","protected":false},"author":3,"featured_media":17672,"comment_status":"closed","ping_status":"closed","sticky":false,"template":"","format":"standard","meta":{"footnotes":""},"categories":[9],"tags":[],"class_list":["post-17671","post","type-post","status-publish","format-standard","has-post-thumbnail","hentry","category-estudos-graduados"],"_links":{"self":[{"href":"https:\/\/educacion.uprrp.edu\/edu-digital\/wp-json\/wp\/v2\/posts\/17671","targetHints":{"allow":["GET"]}}],"collection":[{"href":"https:\/\/educacion.uprrp.edu\/edu-digital\/wp-json\/wp\/v2\/posts"}],"about":[{"href":"https:\/\/educacion.uprrp.edu\/edu-digital\/wp-json\/wp\/v2\/types\/post"}],"author":[{"embeddable":true,"href":"https:\/\/educacion.uprrp.edu\/edu-digital\/wp-json\/wp\/v2\/users\/3"}],"replies":[{"embeddable":true,"href":"https:\/\/educacion.uprrp.edu\/edu-digital\/wp-json\/wp\/v2\/comments?post=17671"}],"version-history":[{"count":4,"href":"https:\/\/educacion.uprrp.edu\/edu-digital\/wp-json\/wp\/v2\/posts\/17671\/revisions"}],"predecessor-version":[{"id":17677,"href":"https:\/\/educacion.uprrp.edu\/edu-digital\/wp-json\/wp\/v2\/posts\/17671\/revisions\/17677"}],"wp:featuredmedia":[{"embeddable":true,"href":"https:\/\/educacion.uprrp.edu\/edu-digital\/wp-json\/wp\/v2\/media\/17672"}],"wp:attachment":[{"href":"https:\/\/educacion.uprrp.edu\/edu-digital\/wp-json\/wp\/v2\/media?parent=17671"}],"wp:term":[{"taxonomy":"category","embeddable":true,"href":"https:\/\/educacion.uprrp.edu\/edu-digital\/wp-json\/wp\/v2\/categories?post=17671"},{"taxonomy":"post_tag","embeddable":true,"href":"https:\/\/educacion.uprrp.edu\/edu-digital\/wp-json\/wp\/v2\/tags?post=17671"}],"curies":[{"name":"wp","href":"https:\/\/api.w.org\/{rel}","templated":true}]}}