{"id":17017,"date":"2023-01-12T09:27:40","date_gmt":"2023-01-12T09:27:40","guid":{"rendered":"https:\/\/educacion.uprrp.edu\/educacion-accion\/?p=17017"},"modified":"2023-02-14T18:25:25","modified_gmt":"2023-02-14T18:25:25","slug":"la-historia-detras-de-la-torre","status":"publish","type":"post","link":"https:\/\/educacion.uprrp.edu\/edu-digital\/2023\/01\/12\/la-historia-detras-de-la-torre\/","title":{"rendered":"La historia detr\u00e1s de la Torre"},"content":{"rendered":"\t\t<div data-elementor-type=\"wp-post\" data-elementor-id=\"17017\" class=\"elementor elementor-17017\">\n\t\t\t\t\t\t<section class=\"elementor-section elementor-top-section elementor-element elementor-element-5c6c219f elementor-section-boxed elementor-section-height-default elementor-section-height-default\" data-id=\"5c6c219f\" data-element_type=\"section\" data-e-type=\"section\">\n\t\t\t\t\t\t<div class=\"elementor-container elementor-column-gap-default\">\n\t\t\t\t\t<div class=\"elementor-column elementor-col-100 elementor-top-column elementor-element elementor-element-5d681b91\" data-id=\"5d681b91\" data-element_type=\"column\" data-e-type=\"column\">\n\t\t\t<div class=\"elementor-widget-wrap elementor-element-populated\">\n\t\t\t\t\t\t<div class=\"elementor-element elementor-element-e5d51bd elementor-widget thim-ekits-heading elementor-widget-thim-heading\" data-id=\"e5d51bd\" data-element_type=\"widget\" data-e-type=\"widget\" data-widget_type=\"thim-heading.default\">\n\t\t\t\t<div class=\"elementor-widget-container\">\n\t\t\t\t\t<div class=\"sc_heading \"><h6 class=\"title\">Por: Mar\u00eda Cristina Gascot S\u00e1ez<\/h6><span class=\"line\"><\/span><\/div>\t\t\t\t<\/div>\n\t\t\t\t<\/div>\n\t\t\t\t<section class=\"elementor-section elementor-inner-section elementor-element elementor-element-b553f13 elementor-section-boxed elementor-section-height-default elementor-section-height-default\" data-id=\"b553f13\" data-element_type=\"section\" data-e-type=\"section\">\n\t\t\t\t\t\t<div class=\"elementor-container elementor-column-gap-default\">\n\t\t\t\t\t<div class=\"elementor-column elementor-col-50 elementor-inner-column elementor-element elementor-element-06118f9\" data-id=\"06118f9\" data-element_type=\"column\" data-e-type=\"column\">\n\t\t\t<div class=\"elementor-widget-wrap elementor-element-populated\">\n\t\t\t\t\t\t<div class=\"elementor-element elementor-element-6926283 elementor-widget elementor-widget-text-editor\" data-id=\"6926283\" data-element_type=\"widget\" data-e-type=\"widget\" data-widget_type=\"text-editor.default\">\n\t\t\t\t<div class=\"elementor-widget-container\">\n\t\t\t\t\t\t\t\t\t<p>Durante la Semana Puertorrique\u00f1a, los estudiantes de Quinto Grado de la Escuela Elemental de la UPR realizaron varias actividades educativas como parte de un trabajo de integraci\u00f3n curricular para reconocer \u201cLa Historia detr\u00e1s de la Torre\u201d. Este trabajo les permiti\u00f3 identificar figuras geom\u00e9tricas en el arte o en la estructura misma de la Torre de la Universidad de Puerto Rico, Recinto de R\u00edo Piedras. Como parte del proyecto, realizaron una escultura de la Torre, la cual destaca el arte utilizado para su construcci\u00f3n y algunos detalles de las im\u00e1genes que se aprecian en ella. Por \u00faltimo, redactaron un peri\u00f3dico digital, titulado Desde la Torre, con el prop\u00f3sito de describir la experiencia de su visita guiada a la Torre e identificar s\u00edmbolos o caracter\u00edsticas de la historia puertorrique\u00f1a en la edificaci\u00f3n. En dicho bolet\u00edn, nuestros estudiantes emularon la Generaci\u00f3n del \u201830, resaltando elementos que convierten a la Torre en espejo de la herencia cultural del pa\u00eds.<\/p>\t\t\t\t\t\t\t\t<\/div>\n\t\t\t\t<\/div>\n\t\t\t\t\t<\/div>\n\t\t<\/div>\n\t\t\t\t<div class=\"elementor-column elementor-col-50 elementor-inner-column elementor-element elementor-element-7a5a702\" data-id=\"7a5a702\" data-element_type=\"column\" data-e-type=\"column\">\n\t\t\t<div class=\"elementor-widget-wrap elementor-element-populated\">\n\t\t\t\t\t\t<div class=\"elementor-element elementor-element-99e0dd2 elementor-widget elementor-widget-image\" data-id=\"99e0dd2\" data-element_type=\"widget\" data-e-type=\"widget\" data-widget_type=\"image.default\">\n\t\t\t\t<div class=\"elementor-widget-container\">\n\t\t\t\t\t\t\t\t\t\t\t\t\t\t\t\t<a href=\"https:\/\/educacion.uprrp.edu\/educacion-accion\/wp-content\/uploads\/sites\/6\/2022\/12\/10-Visita-a-la-Torre_anonymous.jpeg\" data-elementor-open-lightbox=\"yes\" data-elementor-lightbox-title=\"Visita a la Torre\" data-elementor-lightbox-description=\"Grupo de estudiantes y profesores del quinto grado de la Escuela Elemental visitan la Torre de la Universidad de Puerto Rico, Recinto de R\u00edo Piedras.\" data-e-action-hash=\"#elementor-action%3Aaction%3Dlightbox%26settings%3DeyJpZCI6IjE3MDIwIiwidXJsIjoiaHR0cHM6XC9cL2VkdWNhY2lvbi51cHJycC5lZHVcL2VkdS1kaWdpdGFsXC93cC1jb250ZW50XC91cGxvYWRzXC9zaXRlc1wvOVwvMjAyMlwvMTJcLzEwLVZpc2l0YS1hLWxhLVRvcnJlX2Fub255bW91cy5qcGVnIn0%3D\">\n\t\t\t\t\t\t\t<img decoding=\"async\" src=\"https:\/\/educacion.uprrp.edu\/edu-digital\/wp-content\/uploads\/sites\/9\/2022\/12\/10-Visita-a-la-Torre_anonymous-260x400.jpeg\" title=\"Visita a la Torre\" alt=\"Grupo de estudiantes y profesores del quinto grado de la Escuela Elemental visitan la Torre de la Universidad de Puerto Rico, Recinto de R\u00edo Piedras.\" loading=\"lazy\" \/>\t\t\t\t\t\t\t\t<\/a>\n\t\t\t\t\t\t\t\t\t\t\t\t\t\t\t<\/div>\n\t\t\t\t<\/div>\n\t\t\t\t\t<\/div>\n\t\t<\/div>\n\t\t\t\t\t<\/div>\n\t\t<\/section>\n\t\t\t\t\t<\/div>\n\t\t<\/div>\n\t\t\t\t\t<\/div>\n\t\t<\/section>\n\t\t\t\t<\/div>\n\t\t","protected":false},"excerpt":{"rendered":"<p>Por: Mar\u00eda Cristina Gascot S\u00e1ez Durante la Semana Puertorrique\u00f1a, los estudiantes de Quinto Grado de la Escuela Elemental de la UPR realizaron varias actividades educativas como parte de un trabajo de integraci\u00f3n curricular para reconocer \u201cLa Historia detr\u00e1s de la Torre\u201d. Este trabajo les permiti\u00f3 identificar figuras geom\u00e9tricas en el &hellip; <\/p>\n","protected":false},"author":3,"featured_media":17018,"comment_status":"closed","ping_status":"closed","sticky":false,"template":"","format":"standard","meta":{"footnotes":""},"categories":[2,8],"tags":[29],"class_list":["post-17017","post","type-post","status-publish","format-standard","has-post-thumbnail","hentry","category-actividades-educativas","category-escuelas-laboratorio","tag-torre-de-la-universidad-de-puerto-rico"],"_links":{"self":[{"href":"https:\/\/educacion.uprrp.edu\/edu-digital\/wp-json\/wp\/v2\/posts\/17017","targetHints":{"allow":["GET"]}}],"collection":[{"href":"https:\/\/educacion.uprrp.edu\/edu-digital\/wp-json\/wp\/v2\/posts"}],"about":[{"href":"https:\/\/educacion.uprrp.edu\/edu-digital\/wp-json\/wp\/v2\/types\/post"}],"author":[{"embeddable":true,"href":"https:\/\/educacion.uprrp.edu\/edu-digital\/wp-json\/wp\/v2\/users\/3"}],"replies":[{"embeddable":true,"href":"https:\/\/educacion.uprrp.edu\/edu-digital\/wp-json\/wp\/v2\/comments?post=17017"}],"version-history":[{"count":1,"href":"https:\/\/educacion.uprrp.edu\/edu-digital\/wp-json\/wp\/v2\/posts\/17017\/revisions"}],"predecessor-version":[{"id":17322,"href":"https:\/\/educacion.uprrp.edu\/edu-digital\/wp-json\/wp\/v2\/posts\/17017\/revisions\/17322"}],"wp:featuredmedia":[{"embeddable":true,"href":"https:\/\/educacion.uprrp.edu\/edu-digital\/wp-json\/wp\/v2\/media\/17018"}],"wp:attachment":[{"href":"https:\/\/educacion.uprrp.edu\/edu-digital\/wp-json\/wp\/v2\/media?parent=17017"}],"wp:term":[{"taxonomy":"category","embeddable":true,"href":"https:\/\/educacion.uprrp.edu\/edu-digital\/wp-json\/wp\/v2\/categories?post=17017"},{"taxonomy":"post_tag","embeddable":true,"href":"https:\/\/educacion.uprrp.edu\/edu-digital\/wp-json\/wp\/v2\/tags?post=17017"}],"curies":[{"name":"wp","href":"https:\/\/api.w.org\/{rel}","templated":true}]}}